{"id":1811,"date":"2022-06-12T15:38:45","date_gmt":"2022-06-12T13:38:45","guid":{"rendered":"http:\/\/www.thomphotos.fr\/blog\/?p=1811"},"modified":"2022-06-12T15:38:45","modified_gmt":"2022-06-12T13:38:45","slug":"un-koala-en-noir-et-blanc","status":"publish","type":"post","link":"https:\/\/www.thomphotos.fr\/blog\/un-koala-en-noir-et-blanc\/","title":{"rendered":"Un koala en noir et blanc"},"content":{"rendered":"<div id=\"fb_share_1\" style=\"float: right; margin-left: 10px;\"><a name=\"fb_share\" type=\"box_count\" share_url=\"https:\/\/www.thomphotos.fr\/blog\/un-koala-en-noir-et-blanc\/\" href=\"http:\/\/www.facebook.com\/sharer.php\">Share<\/a><\/div><div><script src=\"http:\/\/static.ak.fbcdn.net\/connect.php\/js\/FB.Share\" type=\"text\/javascript\"><\/script><\/div>\n<p>Bonjour \u00e0 tous !<\/p>\n\n\n\n<p>J&rsquo;esp\u00e8re que vous allez bien, j&rsquo;ai pris un peu de temps pour mettre \u00e0 jour le site avec <a href=\"http:\/\/www.thomphotos.fr\/index.php?page=photos_portraits_4\">2 photos de portrait\u2026<\/a> de moi ! Chose plut\u00f4t rare d&rsquo;ailleurs !  &#x1f60e; <\/p>\n\n\n\n<figure class=\"wp-block-image\"><img decoding=\"async\" src=\"http:\/\/www.thomphotos.fr\/images\/portraits\/Moi_fromager_2022_1m.jpg\" alt=\"\"\/><\/figure>\n\n\n\n<p>Ce sont 2 photos prises au travail, lorsque je suis en train de brosser mes Blason (fromages de ma cr\u00e9ation), il fallait des photo d&rsquo;un coll\u00e8gue de la ferme, c&rsquo;est pour ma pomme  &#x1f601; <\/p>\n\n\n\n<p>Je viens de finir le brassage d&rsquo;une bi\u00e8re pour cet \u00e9t\u00e9 : 16L ! \u00e7a devrait \u00eatre une bi\u00e8re brune assez ronde et malgr\u00e9 tout taper entre 8 et 10\u00b0 d&rsquo;alcool\u2026 nous verrons bien d&rsquo;ici un mois et demi !  &#x1f973; &#x1f37b; &#x1f635;&#x200d;&#x1f4ab; <\/p>\n\n\n\n<p>En attendant, je vous souhaite une bonne fin de week-end et courage pour demain !  &#x1f37b; <\/p>\n\n\n\n<p>Au week-end prochain !  &#x1f428; <\/p>\n","protected":false},"excerpt":{"rendered":"<p>Share Bonjour \u00e0 tous ! J&rsquo;esp\u00e8re que vous allez bien, j&rsquo;ai pris un peu de temps pour mettre \u00e0 jour le site avec 2 photos de portrait\u2026 de moi ! Chose plut\u00f4t rare d&rsquo;ailleurs ! &#x1f60e; Ce sont 2 photos &hellip; <a href=\"https:\/\/www.thomphotos.fr\/blog\/un-koala-en-noir-et-blanc\/\">Continuer la lecture <span class=\"meta-nav\">&rarr;<\/span><\/a><\/p>\n","protected":false},"author":1,"featured_media":0,"comment_status":"open","ping_status":"open","sticky":false,"template":"","format":"standard","meta":{"footnotes":""},"categories":[40,3,4,32],"tags":[192,175,176,186],"class_list":["post-1811","post","type-post","status-publish","format-standard","hentry","category-ma-pomme","category-news","category-photos","category-portraits","tag-ma-pomme","tag-news","tag-photos","tag-portraits"],"_links":{"self":[{"href":"https:\/\/www.thomphotos.fr\/blog\/wp-json\/wp\/v2\/posts\/1811","targetHints":{"allow":["GET"]}}],"collection":[{"href":"https:\/\/www.thomphotos.fr\/blog\/wp-json\/wp\/v2\/posts"}],"about":[{"href":"https:\/\/www.thomphotos.fr\/blog\/wp-json\/wp\/v2\/types\/post"}],"author":[{"embeddable":true,"href":"https:\/\/www.thomphotos.fr\/blog\/wp-json\/wp\/v2\/users\/1"}],"replies":[{"embeddable":true,"href":"https:\/\/www.thomphotos.fr\/blog\/wp-json\/wp\/v2\/comments?post=1811"}],"version-history":[{"count":1,"href":"https:\/\/www.thomphotos.fr\/blog\/wp-json\/wp\/v2\/posts\/1811\/revisions"}],"predecessor-version":[{"id":1812,"href":"https:\/\/www.thomphotos.fr\/blog\/wp-json\/wp\/v2\/posts\/1811\/revisions\/1812"}],"wp:attachment":[{"href":"https:\/\/www.thomphotos.fr\/blog\/wp-json\/wp\/v2\/media?parent=1811"}],"wp:term":[{"taxonomy":"category","embeddable":true,"href":"https:\/\/www.thomphotos.fr\/blog\/wp-json\/wp\/v2\/categories?post=1811"},{"taxonomy":"post_tag","embeddable":true,"href":"https:\/\/www.thomphotos.fr\/blog\/wp-json\/wp\/v2\/tags?post=1811"}],"curies":[{"name":"wp","href":"https:\/\/api.w.org\/{rel}","templated":true}]}}