{"id":1829,"date":"2022-09-17T10:03:45","date_gmt":"2022-09-17T08:03:45","guid":{"rendered":"http:\/\/www.thomphotos.fr\/blog\/?p=1829"},"modified":"2022-09-17T10:03:45","modified_gmt":"2022-09-17T08:03:45","slug":"reportage-a-castelnaud","status":"publish","type":"post","link":"https:\/\/www.thomphotos.fr\/blog\/reportage-a-castelnaud\/","title":{"rendered":"Reportage \u00e0 Castelnaud"},"content":{"rendered":"<div id=\"fb_share_1\" style=\"float: right; margin-left: 10px;\"><a name=\"fb_share\" type=\"box_count\" share_url=\"https:\/\/www.thomphotos.fr\/blog\/reportage-a-castelnaud\/\" href=\"http:\/\/www.facebook.com\/sharer.php\">Share<\/a><\/div><div><script src=\"http:\/\/static.ak.fbcdn.net\/connect.php\/js\/FB.Share\" type=\"text\/javascript\"><\/script><\/div>\n<p>Bonjour \u00e0 tous !<\/p>\n\n\n\n<p>Aujourd&rsquo;hui, je vous propose enfin <a href=\"http:\/\/www.thomphotos.fr\/index.php?page=2022\/r_castelnaud\">le reportage au ch\u00e2teau de Castlenaud et son mus\u00e9e de la guerre au moyen-\u00e2ge<\/a>.<\/p>\n\n\n\n<figure class=\"wp-block-image\"><img decoding=\"async\" src=\"http:\/\/www.thomphotos.fr\/pages\/2022\/r_castelnaud\/Castelnaud_2022_1.jpg\" alt=\"\"\/><\/figure>\n\n\n\n<p>C&rsquo;est un reportage qui s&rsquo;est fait \u00e0 cheval sur 2 \u00e9t\u00e9s, en 2021 avec Sam, puis cette ann\u00e9e avec tout le monde.<\/p>\n\n\n\n<p>Bonne lecture et au week-end prochain ! &#x1f428; <\/p>\n","protected":false},"excerpt":{"rendered":"<p>Share Bonjour \u00e0 tous ! Aujourd&rsquo;hui, je vous propose enfin le reportage au ch\u00e2teau de Castlenaud et son mus\u00e9e de la guerre au moyen-\u00e2ge. C&rsquo;est un reportage qui s&rsquo;est fait \u00e0 cheval sur 2 \u00e9t\u00e9s, en 2021 avec Sam, puis &hellip; <a href=\"https:\/\/www.thomphotos.fr\/blog\/reportage-a-castelnaud\/\">Continuer la lecture <span class=\"meta-nav\">&rarr;<\/span><\/a><\/p>\n","protected":false},"author":1,"featured_media":0,"comment_status":"open","ping_status":"open","sticky":false,"template":"","format":"standard","meta":{"footnotes":""},"categories":[4,23],"tags":[176,182],"class_list":["post-1829","post","type-post","status-publish","format-standard","hentry","category-photos","category-reportage","tag-photos","tag-reportage"],"_links":{"self":[{"href":"https:\/\/www.thomphotos.fr\/blog\/wp-json\/wp\/v2\/posts\/1829","targetHints":{"allow":["GET"]}}],"collection":[{"href":"https:\/\/www.thomphotos.fr\/blog\/wp-json\/wp\/v2\/posts"}],"about":[{"href":"https:\/\/www.thomphotos.fr\/blog\/wp-json\/wp\/v2\/types\/post"}],"author":[{"embeddable":true,"href":"https:\/\/www.thomphotos.fr\/blog\/wp-json\/wp\/v2\/users\/1"}],"replies":[{"embeddable":true,"href":"https:\/\/www.thomphotos.fr\/blog\/wp-json\/wp\/v2\/comments?post=1829"}],"version-history":[{"count":1,"href":"https:\/\/www.thomphotos.fr\/blog\/wp-json\/wp\/v2\/posts\/1829\/revisions"}],"predecessor-version":[{"id":1830,"href":"https:\/\/www.thomphotos.fr\/blog\/wp-json\/wp\/v2\/posts\/1829\/revisions\/1830"}],"wp:attachment":[{"href":"https:\/\/www.thomphotos.fr\/blog\/wp-json\/wp\/v2\/media?parent=1829"}],"wp:term":[{"taxonomy":"category","embeddable":true,"href":"https:\/\/www.thomphotos.fr\/blog\/wp-json\/wp\/v2\/categories?post=1829"},{"taxonomy":"post_tag","embeddable":true,"href":"https:\/\/www.thomphotos.fr\/blog\/wp-json\/wp\/v2\/tags?post=1829"}],"curies":[{"name":"wp","href":"https:\/\/api.w.org\/{rel}","templated":true}]}}