{"id":1833,"date":"2022-10-02T17:27:50","date_gmt":"2022-10-02T15:27:50","guid":{"rendered":"http:\/\/www.thomphotos.fr\/blog\/?p=1833"},"modified":"2022-10-02T17:27:50","modified_gmt":"2022-10-02T15:27:50","slug":"news-boustifaille-et-projets","status":"publish","type":"post","link":"https:\/\/www.thomphotos.fr\/blog\/news-boustifaille-et-projets\/","title":{"rendered":"News, boustifaille et projets"},"content":{"rendered":"<div id=\"fb_share_1\" style=\"float: right; margin-left: 10px;\"><a name=\"fb_share\" type=\"box_count\" share_url=\"https:\/\/www.thomphotos.fr\/blog\/news-boustifaille-et-projets\/\" href=\"http:\/\/www.facebook.com\/sharer.php\">Share<\/a><\/div><div><script src=\"http:\/\/static.ak.fbcdn.net\/connect.php\/js\/FB.Share\" type=\"text\/javascript\"><\/script><\/div>\n<p>Bonjour \u00e0 tous !<\/p>\n\n\n\n<p>Aujourd&rsquo;hui je vous propose <a href=\"http:\/\/www.thomphotos.fr\/index.php?page=photos_cuisine_22\">quelques photos de boustifaille.<\/a><\/p>\n\n\n\n<figure class=\"wp-block-image\"><img decoding=\"async\" src=\"http:\/\/www.thomphotos.fr\/images\/cuisine\/Sanglier_grand_veneur_2022_2.jpg\" alt=\"\"\/><\/figure>\n\n\n\n<p>Quelques news pour d&rsquo;autres projets (\u00e7a fait un moment que je n&rsquo;avais pas fais le point ^^) :<\/p>\n\n\n\n<ul class=\"wp-block-list\"><li>le second livre de cuisine avance tranquillement (j&rsquo;en suis \u00e0 71 recettes pour le moment).<\/li><li>Je regarde pour un des goodies du livre (qui ira en pack, comme le tablier). Je bosse avec une illustratrice pour ce projet. J&rsquo;esp\u00e8re arriver \u00e0 le faire sans me retrouver \u00e0 payer 3 mois de salaire dans la fabrication ^^\u00a0\u00bb<\/li><li>J&rsquo;ai commenc\u00e9 le tri des photos et la r\u00e9duction du texte pour la r\u00e9alisation d&rsquo;un livre sur le reportage en Espagne.<\/li><li>Il faut que j&rsquo;arrive \u00e0 trouver un moment pour tourner une nouvelle vid\u00e9o pour les brioches du petit dej&rsquo;\u2026 mais je manque de temps et j&rsquo;ai beaucoup \u00e0 faire\u2026 (mais avec le retour de l&rsquo;hiver, je n&rsquo;aurais bient\u00f4t plus \u00e0 m&rsquo;occuper de mon potager, \u00e7a me lib\u00e8rera un peu de temps).<\/li><\/ul>\n\n\n\n<p>Et sur ces news, je retourne plancher \u00e0 tout ce bazar de projets ! bon week-end \u00e0 vous et \u00e0 dans une semaine !  &#x1f428; <\/p>\n","protected":false},"excerpt":{"rendered":"<p>Share Bonjour \u00e0 tous ! Aujourd&rsquo;hui je vous propose quelques photos de boustifaille. Quelques news pour d&rsquo;autres projets (\u00e7a fait un moment que je n&rsquo;avais pas fais le point ^^) : le second livre de cuisine avance tranquillement (j&rsquo;en suis &hellip; <a href=\"https:\/\/www.thomphotos.fr\/blog\/news-boustifaille-et-projets\/\">Continuer la lecture <span class=\"meta-nav\">&rarr;<\/span><\/a><\/p>\n","protected":false},"author":1,"featured_media":0,"comment_status":"open","ping_status":"open","sticky":false,"template":"","format":"standard","meta":{"footnotes":""},"categories":[69,3,26,4],"tags":[71,175,184,176],"class_list":["post-1833","post","type-post","status-publish","format-standard","hentry","category-cuisine","category-news","category-nourriture","category-photos","tag-cuisine-2","tag-news","tag-nourriture","tag-photos"],"_links":{"self":[{"href":"https:\/\/www.thomphotos.fr\/blog\/wp-json\/wp\/v2\/posts\/1833","targetHints":{"allow":["GET"]}}],"collection":[{"href":"https:\/\/www.thomphotos.fr\/blog\/wp-json\/wp\/v2\/posts"}],"about":[{"href":"https:\/\/www.thomphotos.fr\/blog\/wp-json\/wp\/v2\/types\/post"}],"author":[{"embeddable":true,"href":"https:\/\/www.thomphotos.fr\/blog\/wp-json\/wp\/v2\/users\/1"}],"replies":[{"embeddable":true,"href":"https:\/\/www.thomphotos.fr\/blog\/wp-json\/wp\/v2\/comments?post=1833"}],"version-history":[{"count":1,"href":"https:\/\/www.thomphotos.fr\/blog\/wp-json\/wp\/v2\/posts\/1833\/revisions"}],"predecessor-version":[{"id":1834,"href":"https:\/\/www.thomphotos.fr\/blog\/wp-json\/wp\/v2\/posts\/1833\/revisions\/1834"}],"wp:attachment":[{"href":"https:\/\/www.thomphotos.fr\/blog\/wp-json\/wp\/v2\/media?parent=1833"}],"wp:term":[{"taxonomy":"category","embeddable":true,"href":"https:\/\/www.thomphotos.fr\/blog\/wp-json\/wp\/v2\/categories?post=1833"},{"taxonomy":"post_tag","embeddable":true,"href":"https:\/\/www.thomphotos.fr\/blog\/wp-json\/wp\/v2\/tags?post=1833"}],"curies":[{"name":"wp","href":"https:\/\/api.w.org\/{rel}","templated":true}]}}