{"id":1835,"date":"2022-10-08T17:15:58","date_gmt":"2022-10-08T15:15:58","guid":{"rendered":"http:\/\/www.thomphotos.fr\/blog\/?p=1835"},"modified":"2022-10-08T17:15:58","modified_gmt":"2022-10-08T15:15:58","slug":"petite-sortie-avec-le-def-rouge","status":"publish","type":"post","link":"https:\/\/www.thomphotos.fr\/blog\/petite-sortie-avec-le-def-rouge\/","title":{"rendered":"Petite sortie avec le Def rouge"},"content":{"rendered":"<div id=\"fb_share_1\" style=\"float: right; margin-left: 10px;\"><a name=\"fb_share\" type=\"box_count\" share_url=\"https:\/\/www.thomphotos.fr\/blog\/petite-sortie-avec-le-def-rouge\/\" href=\"http:\/\/www.facebook.com\/sharer.php\">Share<\/a><\/div><div><script src=\"http:\/\/static.ak.fbcdn.net\/connect.php\/js\/FB.Share\" type=\"text\/javascript\"><\/script><\/div>\n<p>Bonjour \u00e0 tous !<\/p>\n\n\n\n<p>Aujourd&rsquo;hui <a href=\"http:\/\/www.thomphotos.fr\/index.php?page=photos_maquettes_12\">5 petites photos du Def rouge \u00e0 Pierre<\/a> pendant une de nos sorties au boulot pendant la pause de midi ^^.<\/p>\n\n\n\n<figure class=\"wp-block-image\"><img decoding=\"async\" src=\"http:\/\/www.thomphotos.fr\/images\/maquettes\/Def_2022_18.jpg\" alt=\"\"\/><\/figure>\n\n\n\n<p>Bon week-end \u00e0 tous et au week-end prochain !  &#x1f428; <\/p>\n","protected":false},"excerpt":{"rendered":"<p>Share Bonjour \u00e0 tous ! Aujourd&rsquo;hui 5 petites photos du Def rouge \u00e0 Pierre pendant une de nos sorties au boulot pendant la pause de midi ^^. Bon week-end \u00e0 tous et au week-end prochain ! &#x1f428;<\/p>\n","protected":false},"author":1,"featured_media":0,"comment_status":"open","ping_status":"open","sticky":false,"template":"","format":"standard","meta":{"footnotes":""},"categories":[226,3,4,153],"tags":[171,175,176,202],"class_list":["post-1835","post","type-post","status-publish","format-standard","hentry","category-maquette","category-news","category-photos","category-rc","tag-maquette","tag-news","tag-photos","tag-rc"],"_links":{"self":[{"href":"https:\/\/www.thomphotos.fr\/blog\/wp-json\/wp\/v2\/posts\/1835","targetHints":{"allow":["GET"]}}],"collection":[{"href":"https:\/\/www.thomphotos.fr\/blog\/wp-json\/wp\/v2\/posts"}],"about":[{"href":"https:\/\/www.thomphotos.fr\/blog\/wp-json\/wp\/v2\/types\/post"}],"author":[{"embeddable":true,"href":"https:\/\/www.thomphotos.fr\/blog\/wp-json\/wp\/v2\/users\/1"}],"replies":[{"embeddable":true,"href":"https:\/\/www.thomphotos.fr\/blog\/wp-json\/wp\/v2\/comments?post=1835"}],"version-history":[{"count":1,"href":"https:\/\/www.thomphotos.fr\/blog\/wp-json\/wp\/v2\/posts\/1835\/revisions"}],"predecessor-version":[{"id":1836,"href":"https:\/\/www.thomphotos.fr\/blog\/wp-json\/wp\/v2\/posts\/1835\/revisions\/1836"}],"wp:attachment":[{"href":"https:\/\/www.thomphotos.fr\/blog\/wp-json\/wp\/v2\/media?parent=1835"}],"wp:term":[{"taxonomy":"category","embeddable":true,"href":"https:\/\/www.thomphotos.fr\/blog\/wp-json\/wp\/v2\/categories?post=1835"},{"taxonomy":"post_tag","embeddable":true,"href":"https:\/\/www.thomphotos.fr\/blog\/wp-json\/wp\/v2\/tags?post=1835"}],"curies":[{"name":"wp","href":"https:\/\/api.w.org\/{rel}","templated":true}]}}