{"id":1851,"date":"2023-02-28T22:05:37","date_gmt":"2023-02-28T20:05:37","guid":{"rendered":"http:\/\/www.thomphotos.fr\/blog\/?p=1851"},"modified":"2023-02-28T22:05:37","modified_gmt":"2023-02-28T20:05:37","slug":"la-vie-doit-continuer-malgre-tout","status":"publish","type":"post","link":"https:\/\/www.thomphotos.fr\/blog\/la-vie-doit-continuer-malgre-tout\/","title":{"rendered":"La vie doit continuer malgr\u00e9 tout&#8230;"},"content":{"rendered":"<div id=\"fb_share_1\" style=\"float: right; margin-left: 10px;\"><a name=\"fb_share\" type=\"box_count\" share_url=\"https:\/\/www.thomphotos.fr\/blog\/la-vie-doit-continuer-malgre-tout\/\" href=\"http:\/\/www.facebook.com\/sharer.php\">Share<\/a><\/div><div><script src=\"http:\/\/static.ak.fbcdn.net\/connect.php\/js\/FB.Share\" type=\"text\/javascript\"><\/script><\/div>\n<p>Il y eu un gros silence radio de ma part sur pratiquement tous les r\u00e9seaux depuis 3 semaines environ. J&rsquo;ai pass\u00e9 la premi\u00e8re semaine \u00e0 alterner entre mon travail et l&rsquo;h\u00f4pital. Tatie, Josiane, qui participa \u00e0 mon \u00e9ducation depuis ma prime jeunesse, avec qui j&rsquo;habitais depuis d\u00e9cembre 2014. Tatie fit un avc h\u00e9morragique important. Elle \u00e9tait dans le coma, dans le service de r\u00e9animation de l&rsquo;h\u00f4pital de Brive.<br>J&rsquo;y passais tout mon temps libre. Esp\u00e9rant qu&rsquo;elle revienne \u00e0 la surface, lui parlant de la maison, qu&rsquo;il fallait qu&rsquo;elle revienne\u2026 \u00ab\u00a0Fais pas la con Tatie, reviens \u00e0 la maison !\u00a0\u00bb<\/p>\n\n\n\n<p>Son corps commen\u00e7a a l\u00e2cher petit \u00e0 petit, en commen\u00e7ant par les reins\u2026 Les m\u00e9decins n&rsquo;avaient pas d&rsquo;espoirs qu&rsquo;elle revienne\u2026<\/p>\n\n\n\n<p>Le lundi, 6 f\u00e9vrier \u00e0 14h59, elle est partie. Je suis rest\u00e9 avec elle jusqu&rsquo;\u00e0 la fin, lui tenant la main et pleurant. Lui disant que \u00e7a va aller\u2026 Lui disant adieu, la derni\u00e8re personne, encore en vie, qui m&rsquo;\u00e9duqua, celle que j&rsquo;aurais pu appeler \u00ab\u00a0Maman\u00a0\u00bb\u2026 <\/p>\n\n\n\n<p>La semaine qui suivit fut un capharna\u00fcm de paperasseries et d&rsquo;administratif sans fin. Sans compter les fun\u00e9railles \u00e0 pr\u00e9parer seul.<br>Tout en pataugeant dans la douleur et la tristesse.<\/p>\n\n\n\n<p>La c\u00e9r\u00e9monie \u00e0 l&rsquo;\u00e9glise, pleine \u00e0 craquer avec plus d&rsquo;une centaine de personnes, et bien plus encore qui ne purent venir. Mais tous pensant \u00e0 sa gentillesse qui la caract\u00e9risait. Et son enterrement, avec ceux qui tenaient le plus \u00e0 elle.<\/p>\n\n\n\n<p>Puis la troisi\u00e8me semaine, la suite de la paperasserie et le d\u00e9but de la prise de conscience pour moi qu&rsquo;elle ne sera plus jamais l\u00e0. Et dans cette maison, d\u00e9sormais \u00e0 moi, o\u00f9 je me retrouve ainsi \u00e0 commencer mes phrases \u00e0 voix haute, comme si elle allait me r\u00e9pondre, avant de me rendre compte apr\u00e8s quelques mots, qu&rsquo;il n&rsquo;y aura que le silence pour me r\u00e9pondre.<\/p>\n\n\n\n<p>Me voici d\u00e9sormais seul gardien de la maison. Et il faudra du temps au temps pour que j&rsquo;arrive \u00e0 sortir la t\u00eate de l&rsquo;eau. Mais je continuerai de faire des photos, des reportages et des recettes. Et mille autres choses encore.<\/p>\n\n\n\n<p>Prenez soin de vous, et de vos proches. Je l&rsquo;ai d\u00e9j\u00e0 dis, et je le r\u00e9p\u00e8te : les gens peuvent dispara\u00eetre en un rien de temps, ce n&rsquo;est pas lorsqu&rsquo;ils ne sont plus l\u00e0 qu&rsquo;il faut leurs dire qu&rsquo;on les aime.<\/p>\n\n\n\n<p>\u00c0 bient\u00f4t ! &#x1f428; <\/p>\n","protected":false},"excerpt":{"rendered":"<p>Share Il y eu un gros silence radio de ma part sur pratiquement tous les r\u00e9seaux depuis 3 semaines environ. J&rsquo;ai pass\u00e9 la premi\u00e8re semaine \u00e0 alterner entre mon travail et l&rsquo;h\u00f4pital. Tatie, Josiane, qui participa \u00e0 mon \u00e9ducation depuis &hellip; <a href=\"https:\/\/www.thomphotos.fr\/blog\/la-vie-doit-continuer-malgre-tout\/\">Continuer la lecture <span class=\"meta-nav\">&rarr;<\/span><\/a><\/p>\n","protected":false},"author":1,"featured_media":0,"comment_status":"open","ping_status":"open","sticky":false,"template":"","format":"standard","meta":{"footnotes":""},"categories":[40,3],"tags":[192,175],"class_list":["post-1851","post","type-post","status-publish","format-standard","hentry","category-ma-pomme","category-news","tag-ma-pomme","tag-news"],"_links":{"self":[{"href":"https:\/\/www.thomphotos.fr\/blog\/wp-json\/wp\/v2\/posts\/1851","targetHints":{"allow":["GET"]}}],"collection":[{"href":"https:\/\/www.thomphotos.fr\/blog\/wp-json\/wp\/v2\/posts"}],"about":[{"href":"https:\/\/www.thomphotos.fr\/blog\/wp-json\/wp\/v2\/types\/post"}],"author":[{"embeddable":true,"href":"https:\/\/www.thomphotos.fr\/blog\/wp-json\/wp\/v2\/users\/1"}],"replies":[{"embeddable":true,"href":"https:\/\/www.thomphotos.fr\/blog\/wp-json\/wp\/v2\/comments?post=1851"}],"version-history":[{"count":1,"href":"https:\/\/www.thomphotos.fr\/blog\/wp-json\/wp\/v2\/posts\/1851\/revisions"}],"predecessor-version":[{"id":1852,"href":"https:\/\/www.thomphotos.fr\/blog\/wp-json\/wp\/v2\/posts\/1851\/revisions\/1852"}],"wp:attachment":[{"href":"https:\/\/www.thomphotos.fr\/blog\/wp-json\/wp\/v2\/media?parent=1851"}],"wp:term":[{"taxonomy":"category","embeddable":true,"href":"https:\/\/www.thomphotos.fr\/blog\/wp-json\/wp\/v2\/categories?post=1851"},{"taxonomy":"post_tag","embeddable":true,"href":"https:\/\/www.thomphotos.fr\/blog\/wp-json\/wp\/v2\/tags?post=1851"}],"curies":[{"name":"wp","href":"https:\/\/api.w.org\/{rel}","templated":true}]}}