{"id":1858,"date":"2023-12-17T20:32:05","date_gmt":"2023-12-17T18:32:05","guid":{"rendered":"http:\/\/www.thomphotos.fr\/blog\/?p=1858"},"modified":"2024-07-27T17:06:33","modified_gmt":"2024-07-27T15:06:33","slug":"he-la-qui-va-la","status":"publish","type":"post","link":"https:\/\/www.thomphotos.fr\/blog\/he-la-qui-va-la\/","title":{"rendered":"H\u00e9 l\u00e0 qui va l\u00e0 ?!"},"content":{"rendered":"<div id=\"fb_share_1\" style=\"float: right; margin-left: 10px;\"><a name=\"fb_share\" type=\"box_count\" share_url=\"https:\/\/www.thomphotos.fr\/blog\/he-la-qui-va-la\/\" href=\"http:\/\/www.facebook.com\/sharer.php\">Share<\/a><\/div><div><script src=\"http:\/\/static.ak.fbcdn.net\/connect.php\/js\/FB.Share\" type=\"text\/javascript\"><\/script><\/div>\n<p>Inspecteur Koala !<\/p>\n\n\n\n<p>Bonjour \u00e0 tous !<br> Oui\u2026 Je sais\u2026 \u00e7a fait une \u00c9TERNIT\u00c9\u00c9\u00c9\u00c9\u00c9\u00c9 Que j&rsquo;ai rien \u00e9cris ou ajout\u00e9 ici\u2026 Bon, bha maintenant, c&rsquo;est fait !  &#x1f607; <\/p>\n\n\n\n<p>En vrai, j&rsquo;ai eu beaucoup de choses \u00e0 faire :<\/p>\n\n\n\n<ul class=\"wp-block-list\"><li>g\u00e9rer seul le d\u00e9c\u00e8s de tatie, la paperasse et tout ce qui va avec, le tri de la maison (qui n&rsquo;est toujours pas fini, loin s&rsquo;en faut !)<\/li><li>Le reportage de retour \u00e0 Prague, avec Nanasse et sa ch\u00e8re moiti\u00e9 (les photos sont tri\u00e9es \u00e0 la moiti\u00e9\u2026 faut que j&rsquo;essaye de mettre \u00e7a en ligne d\u00e8s que je trouve un peu de temps)<\/li><li>Un s\u00e9jour en Espagne avec Sam (aucune photo de tri\u00e9e\u2026)<\/li><li><\/li><li>Le boulot qui me prend du temps, comme tout le monde\u2026<\/li><\/ul>\n\n\n\n<p>Mais ! Mais mais mais\u2026 pas d&rsquo;inqui\u00e9tude, je suis toujours l\u00e0, j&rsquo;essaye d&rsquo;avancer ce que je peux comme je peux en jonglant avec tout \u00e7a. J&rsquo;ai rajout\u00e9 quelques recettes dans le pdf de base des recettes (<a href=\"http:\/\/www.thomphotos.fr\/perso\/Recettes_domaine-du-koala.pdf\">toujours disponible ici <\/a>). Je n&rsquo;avais pas trop la t\u00eate \u00e0 faire des photos cette ann\u00e9e, du coup \u00e0 part quelques photos de recettes, des photos de Prague et quelques-une d\u2019Espagne, je n&rsquo;ai pas fais grand chose\u2026 En plus petit soucis technique sur mon Canon EOS 6D, la molette de r\u00e9glage des vitesse \u00e9tait foutue, j&rsquo;ai fais le d\u00e9montage int\u00e9gral du 6D avec r\u00e9paration et remontage ce week-end, \u00e7a marche \u00e0 nouveau ! \\o\/  &#x1f973;&#x1f60e; <\/p>\n\n\n\n<p><a href=\"http:\/\/www.thomphotos.fr\/index.php?page=photos_cuisine_23\">Du coup, pour aujourd&rsquo;hui et la fin de l&rsquo;ann\u00e9e qui approche, voici quelques photos de boustifaille (vous commencez \u00e0 avoir l&rsquo;habitude !).<\/a><\/p>\n\n\n\n<figure class=\"wp-block-image\"><img decoding=\"async\" src=\"http:\/\/www.thomphotos.fr\/images\/cuisine\/Pivoburger_1.jpg\" alt=\"\"\/><\/figure>\n\n\n\n<p>Promis je vais essayer de faire d&rsquo;autres photos, il y aura au moins Prague et l\u2019Espagne. Prague passera en reportage, mais je pense que l\u2019Espagne passera en photos de base vu que je n&rsquo;ai pas fais beaucoup de photos hormis la visite de Grenade et un peu de plage.<\/p>\n\n\n\n<p>En d\u00e9but d&rsquo;ann\u00e9e j&rsquo;en profiterai aussi pour faire le petit r\u00e9cap&rsquo; habituel de la nouvelle ann\u00e9e.  &#x1f389; <\/p>\n\n\n\n<p>En attendant, je vous souhaite une bonne semaine et de bonnes f\u00eates de fin d&rsquo;ann\u00e9e si je ne suis pas repass\u00e9 d&rsquo;ici-l\u00e0 !  &#x1f428; <\/p>\n","protected":false},"excerpt":{"rendered":"<p>Share Inspecteur Koala ! Bonjour \u00e0 tous ! Oui\u2026 Je sais\u2026 \u00e7a fait une \u00c9TERNIT\u00c9\u00c9\u00c9\u00c9\u00c9\u00c9 Que j&rsquo;ai rien \u00e9cris ou ajout\u00e9 ici\u2026 Bon, bha maintenant, c&rsquo;est fait ! &#x1f607; En vrai, j&rsquo;ai eu beaucoup de choses \u00e0 faire : g\u00e9rer &hellip; <a href=\"https:\/\/www.thomphotos.fr\/blog\/he-la-qui-va-la\/\">Continuer la lecture <span class=\"meta-nav\">&rarr;<\/span><\/a><\/p>\n","protected":false},"author":1,"featured_media":0,"comment_status":"open","ping_status":"open","sticky":false,"template":"","format":"standard","meta":{"footnotes":""},"categories":[69,40,3,4],"tags":[71,192,175,176],"class_list":["post-1858","post","type-post","status-publish","format-standard","hentry","category-cuisine","category-ma-pomme","category-news","category-photos","tag-cuisine-2","tag-ma-pomme","tag-news","tag-photos"],"_links":{"self":[{"href":"https:\/\/www.thomphotos.fr\/blog\/wp-json\/wp\/v2\/posts\/1858","targetHints":{"allow":["GET"]}}],"collection":[{"href":"https:\/\/www.thomphotos.fr\/blog\/wp-json\/wp\/v2\/posts"}],"about":[{"href":"https:\/\/www.thomphotos.fr\/blog\/wp-json\/wp\/v2\/types\/post"}],"author":[{"embeddable":true,"href":"https:\/\/www.thomphotos.fr\/blog\/wp-json\/wp\/v2\/users\/1"}],"replies":[{"embeddable":true,"href":"https:\/\/www.thomphotos.fr\/blog\/wp-json\/wp\/v2\/comments?post=1858"}],"version-history":[{"count":2,"href":"https:\/\/www.thomphotos.fr\/blog\/wp-json\/wp\/v2\/posts\/1858\/revisions"}],"predecessor-version":[{"id":1862,"href":"https:\/\/www.thomphotos.fr\/blog\/wp-json\/wp\/v2\/posts\/1858\/revisions\/1862"}],"wp:attachment":[{"href":"https:\/\/www.thomphotos.fr\/blog\/wp-json\/wp\/v2\/media?parent=1858"}],"wp:term":[{"taxonomy":"category","embeddable":true,"href":"https:\/\/www.thomphotos.fr\/blog\/wp-json\/wp\/v2\/categories?post=1858"},{"taxonomy":"post_tag","embeddable":true,"href":"https:\/\/www.thomphotos.fr\/blog\/wp-json\/wp\/v2\/tags?post=1858"}],"curies":[{"name":"wp","href":"https:\/\/api.w.org\/{rel}","templated":true}]}}