{"id":1867,"date":"2025-03-05T17:03:02","date_gmt":"2025-03-05T15:03:02","guid":{"rendered":"http:\/\/www.thomphotos.fr\/blog\/?p=1867"},"modified":"2025-03-05T17:08:57","modified_gmt":"2025-03-05T15:08:57","slug":"retour-en-mode-furtif","status":"publish","type":"post","link":"https:\/\/www.thomphotos.fr\/blog\/retour-en-mode-furtif\/","title":{"rendered":"Retour en mode furtif"},"content":{"rendered":"<div id=\"fb_share_1\" style=\"float: right; margin-left: 10px;\"><a name=\"fb_share\" type=\"box_count\" share_url=\"https:\/\/www.thomphotos.fr\/blog\/retour-en-mode-furtif\/\" href=\"http:\/\/www.facebook.com\/sharer.php\">Share<\/a><\/div><div><script src=\"http:\/\/static.ak.fbcdn.net\/connect.php\/js\/FB.Share\" type=\"text\/javascript\"><\/script><\/div>\n<p><em>Entr&rsquo;ouvre la porte, regard \u00e0 gauche et \u00e0 droite<\/em><\/p>\n\n\n\n<p>Faire comme si de rien n&rsquo;\u00e9tait\u2026 On va faire comme s&rsquo;il n&rsquo;y avait pas 1 an et 1 mois d&rsquo;\u00e9coul\u00e9s depuis le dernier article sur le site. Pourtant j&rsquo;ai continu\u00e9 \u00e0 faire des photos !<\/p>\n\n\n\n<p>Mais voil\u00e0, moralement c&rsquo;\u00e9tait pas du tout \u00e7a, et ensuite physiquement il y a eu quelques p&rsquo;tits soucis (en cours de r\u00e9paration).<\/p>\n\n\n\n<p>Le boulot me prenait pas mal de temps et d&rsquo;\u00e9nergie, mentale et physique, mais je n&rsquo;y suis plus. Je me concentre du coup sur le fait de me retaper une sant\u00e9, d&rsquo;avancer le second livre de cuisine (il sortira cette ann\u00e9e si aucune catastrophe ! (oui, je balance \u00e7a comme \u00e7a \ud83d\ude0e)), chercher un autre boulot, m&rsquo;occuper de la maison\u2026<\/p>\n\n\n\n<p>Mais j&rsquo;ai quand m\u00eame ajout\u00e9 et modifi\u00e9 des choses sur le site, sans forc\u00e9ment faire de note ou d&rsquo;article pour en parler. Ne sachant pas \u00e0 quoi m\u00e8neraient certaines de ces choses (au final pas \u00e0 grand chose en l&rsquo;\u00e9tat actuel).<\/p>\n\n\n\n<p>Le tri des photos du second reportage \u00e0 Prague est fini (il faut que je fasse toute la r\u00e9daction et la traduction). Ainsi que les photos en Espagne avec Sam.<\/p>\n\n\n\n<figure class=\"wp-block-image size-large\"><img decoding=\"async\" src=\"https:\/\/www.thomphotos.fr\/images\/cuisine\/Burger_foie-gras_truffe_1.jpg\" alt=\"\"\/><\/figure>\n\n\n\n<p>Mais voici <a href=\"https:\/\/www.thomphotos.fr\/index.php?page=photos_cuisine_23\">une mise \u00e0 jour de photo de\u2026 boustifaille<\/a>, sans surprise !<\/p>\n\n\n\n<p>Bon visionnage et j&rsquo;esp\u00e8re \u00e0 dans moins longtemps que la derni\u00e8re fois ! \ud83d\udc28<\/p>\n\n\n\n<p><\/p>\n","protected":false},"excerpt":{"rendered":"<p>Share Entr&rsquo;ouvre la porte, regard \u00e0 gauche et \u00e0 droite Faire comme si de rien n&rsquo;\u00e9tait\u2026 On va faire comme s&rsquo;il n&rsquo;y avait pas 1 an et 1 mois d&rsquo;\u00e9coul\u00e9s depuis le dernier article sur le site. Pourtant j&rsquo;ai continu\u00e9 &hellip; <a href=\"https:\/\/www.thomphotos.fr\/blog\/retour-en-mode-furtif\/\">Continuer la lecture <span class=\"meta-nav\">&rarr;<\/span><\/a><\/p>\n","protected":false},"author":1,"featured_media":0,"comment_status":"open","ping_status":"open","sticky":false,"template":"","format":"standard","meta":{"footnotes":""},"categories":[69,40,3,26,4,57],"tags":[71,192,175,184,176],"class_list":["post-1867","post","type-post","status-publish","format-standard","hentry","category-cuisine","category-ma-pomme","category-news","category-nourriture","category-photos","category-site-et-blog","tag-cuisine-2","tag-ma-pomme","tag-news","tag-nourriture","tag-photos"],"_links":{"self":[{"href":"https:\/\/www.thomphotos.fr\/blog\/wp-json\/wp\/v2\/posts\/1867","targetHints":{"allow":["GET"]}}],"collection":[{"href":"https:\/\/www.thomphotos.fr\/blog\/wp-json\/wp\/v2\/posts"}],"about":[{"href":"https:\/\/www.thomphotos.fr\/blog\/wp-json\/wp\/v2\/types\/post"}],"author":[{"embeddable":true,"href":"https:\/\/www.thomphotos.fr\/blog\/wp-json\/wp\/v2\/users\/1"}],"replies":[{"embeddable":true,"href":"https:\/\/www.thomphotos.fr\/blog\/wp-json\/wp\/v2\/comments?post=1867"}],"version-history":[{"count":2,"href":"https:\/\/www.thomphotos.fr\/blog\/wp-json\/wp\/v2\/posts\/1867\/revisions"}],"predecessor-version":[{"id":1869,"href":"https:\/\/www.thomphotos.fr\/blog\/wp-json\/wp\/v2\/posts\/1867\/revisions\/1869"}],"wp:attachment":[{"href":"https:\/\/www.thomphotos.fr\/blog\/wp-json\/wp\/v2\/media?parent=1867"}],"wp:term":[{"taxonomy":"category","embeddable":true,"href":"https:\/\/www.thomphotos.fr\/blog\/wp-json\/wp\/v2\/categories?post=1867"},{"taxonomy":"post_tag","embeddable":true,"href":"https:\/\/www.thomphotos.fr\/blog\/wp-json\/wp\/v2\/tags?post=1867"}],"curies":[{"name":"wp","href":"https:\/\/api.w.org\/{rel}","templated":true}]}}