{"id":1870,"date":"2025-03-21T22:37:00","date_gmt":"2025-03-21T20:37:00","guid":{"rendered":"http:\/\/www.thomphotos.fr\/blog\/?p=1870"},"modified":"2025-03-21T22:37:00","modified_gmt":"2025-03-21T20:37:00","slug":"24-nouvelles-photos-de-cuisine","status":"publish","type":"post","link":"https:\/\/www.thomphotos.fr\/blog\/24-nouvelles-photos-de-cuisine\/","title":{"rendered":"24 nouvelles photos de cuisine"},"content":{"rendered":"<div id=\"fb_share_1\" style=\"float: right; margin-left: 10px;\"><a name=\"fb_share\" type=\"box_count\" share_url=\"https:\/\/www.thomphotos.fr\/blog\/24-nouvelles-photos-de-cuisine\/\" href=\"http:\/\/www.facebook.com\/sharer.php\">Share<\/a><\/div><div><script src=\"http:\/\/static.ak.fbcdn.net\/connect.php\/js\/FB.Share\" type=\"text\/javascript\"><\/script><\/div>\n<p>Bonsoir \u00e0 tous !<\/p>\n\n\n\n<p>Pour ce soir je vous propose <a href=\"https:\/\/www.thomphotos.fr\/index.php?page=photos_cuisine_24\">une nouvelle vol\u00e9e de photos de cuisine, presque une page enti\u00e8re !<\/a><\/p>\n\n\n\n<figure class=\"wp-block-image size-large\"><img decoding=\"async\" src=\"https:\/\/www.thomphotos.fr\/images\/cuisine\/Rillettes_de_porc_1.jpg\" alt=\"\"\/><\/figure>\n\n\n\n<p>J&rsquo;avoue avoir un peu de mal \u00e0 me remettre \u00e0 faire les mises \u00e0 jours chaque semaine sur le site, mais je vais essayer au moins une \u00e0 deux fois par mois !<\/p>\n\n\n\n<p>Bonne soir\u00e9e et bon week-end \u00e0 tous ! \ud83d\udc28<\/p>\n","protected":false},"excerpt":{"rendered":"<p>Share Bonsoir \u00e0 tous ! Pour ce soir je vous propose une nouvelle vol\u00e9e de photos de cuisine, presque une page enti\u00e8re ! J&rsquo;avoue avoir un peu de mal \u00e0 me remettre \u00e0 faire les mises \u00e0 jours chaque semaine &hellip; <a href=\"https:\/\/www.thomphotos.fr\/blog\/24-nouvelles-photos-de-cuisine\/\">Continuer la lecture <span class=\"meta-nav\">&rarr;<\/span><\/a><\/p>\n","protected":false},"author":1,"featured_media":0,"comment_status":"open","ping_status":"open","sticky":false,"template":"","format":"standard","meta":{"footnotes":""},"categories":[69,26,4],"tags":[71,184,176],"class_list":["post-1870","post","type-post","status-publish","format-standard","hentry","category-cuisine","category-nourriture","category-photos","tag-cuisine-2","tag-nourriture","tag-photos"],"_links":{"self":[{"href":"https:\/\/www.thomphotos.fr\/blog\/wp-json\/wp\/v2\/posts\/1870","targetHints":{"allow":["GET"]}}],"collection":[{"href":"https:\/\/www.thomphotos.fr\/blog\/wp-json\/wp\/v2\/posts"}],"about":[{"href":"https:\/\/www.thomphotos.fr\/blog\/wp-json\/wp\/v2\/types\/post"}],"author":[{"embeddable":true,"href":"https:\/\/www.thomphotos.fr\/blog\/wp-json\/wp\/v2\/users\/1"}],"replies":[{"embeddable":true,"href":"https:\/\/www.thomphotos.fr\/blog\/wp-json\/wp\/v2\/comments?post=1870"}],"version-history":[{"count":1,"href":"https:\/\/www.thomphotos.fr\/blog\/wp-json\/wp\/v2\/posts\/1870\/revisions"}],"predecessor-version":[{"id":1871,"href":"https:\/\/www.thomphotos.fr\/blog\/wp-json\/wp\/v2\/posts\/1870\/revisions\/1871"}],"wp:attachment":[{"href":"https:\/\/www.thomphotos.fr\/blog\/wp-json\/wp\/v2\/media?parent=1870"}],"wp:term":[{"taxonomy":"category","embeddable":true,"href":"https:\/\/www.thomphotos.fr\/blog\/wp-json\/wp\/v2\/categories?post=1870"},{"taxonomy":"post_tag","embeddable":true,"href":"https:\/\/www.thomphotos.fr\/blog\/wp-json\/wp\/v2\/tags?post=1870"}],"curies":[{"name":"wp","href":"https:\/\/api.w.org\/{rel}","templated":true}]}}