{"id":403,"date":"2012-07-05T13:58:53","date_gmt":"2012-07-05T11:58:53","guid":{"rendered":"http:\/\/www.thomphotos.fr\/blog\/?p=403"},"modified":"2012-07-05T13:58:53","modified_gmt":"2012-07-05T11:58:53","slug":"champignon-gastronomique","status":"publish","type":"post","link":"https:\/\/www.thomphotos.fr\/blog\/champignon-gastronomique\/","title":{"rendered":"Champignon gastronomique"},"content":{"rendered":"<div id=\"fb_share_1\" style=\"float: right; margin-left: 10px;\"><a name=\"fb_share\" type=\"box_count\" share_url=\"https:\/\/www.thomphotos.fr\/blog\/champignon-gastronomique\/\" href=\"http:\/\/www.facebook.com\/sharer.php\">Share<\/a><\/div><div><script src=\"http:\/\/static.ak.fbcdn.net\/connect.php\/js\/FB.Share\" type=\"text\/javascript\"><\/script><\/div><p>Non, d\u00e9sol\u00e9, ce n&rsquo;est pas de la Truffe mais c&rsquo;est presque aussi cher. Dans une sauce pour un bon steak ou dans des tagliatelles, c&rsquo;est excellent (pour ma part c&rsquo;est mon champignon pr\u00e9f\u00e9r\u00e9, m\u00eame si je suis de la r\u00e9gion des Ceps et Bolets&#8230; c&rsquo;est la Morille !<\/p>\n<p>Pendant une petite sortie pour tester une steadycam faite maison, j&rsquo;ai trouv\u00e9 en for\u00eat\u00a0 3 petites Morilles cach\u00e9s dans le sable et sous quelques feuilles mortes. Elles ont agr\u00e9ablement aromatis\u00e9es un beau morceau de viande. Mais avant la cueillette, j&rsquo;ai pens\u00e9 \u00e0 faire une photo, que je ne regrette pas. Je vous laisse appr\u00e9cier (et saliver hihi<img decoding=\"async\" onclick=\"grin(':mrgreen:');\" src=\"http:\/\/www.thomphotos.fr\/blog\/wp-includes\/images\/smilies\/icon_mrgreen.gif\" alt=\":mrgreen:\" \/>) :<\/p>\n<p><img loading=\"lazy\" decoding=\"async\" class=\"alignnone\" title=\"Morille\" src=\"http:\/\/thomphotos.fr\/images\/nature\/Morille_v.jpg\" alt=\"\" width=\"557\" height=\"800\" \/><\/p>\n","protected":false},"excerpt":{"rendered":"<p>ShareNon, d\u00e9sol\u00e9, ce n&rsquo;est pas de la Truffe mais c&rsquo;est presque aussi cher. Dans une sauce pour un bon steak ou dans des tagliatelles, c&rsquo;est excellent (pour ma part c&rsquo;est mon champignon pr\u00e9f\u00e9r\u00e9, m\u00eame si je suis de la r\u00e9gion &hellip; <a href=\"https:\/\/www.thomphotos.fr\/blog\/champignon-gastronomique\/\">Continuer la lecture <span class=\"meta-nav\">&rarr;<\/span><\/a><\/p>\n","protected":false},"author":1,"featured_media":0,"comment_status":"open","ping_status":"open","sticky":false,"template":"","format":"standard","meta":{"footnotes":""},"categories":[69,4],"tags":[125,71,176],"class_list":["post-403","post","type-post","status-publish","format-standard","hentry","category-cuisine","category-photos","tag-champignon","tag-cuisine-2","tag-photos"],"_links":{"self":[{"href":"https:\/\/www.thomphotos.fr\/blog\/wp-json\/wp\/v2\/posts\/403","targetHints":{"allow":["GET"]}}],"collection":[{"href":"https:\/\/www.thomphotos.fr\/blog\/wp-json\/wp\/v2\/posts"}],"about":[{"href":"https:\/\/www.thomphotos.fr\/blog\/wp-json\/wp\/v2\/types\/post"}],"author":[{"embeddable":true,"href":"https:\/\/www.thomphotos.fr\/blog\/wp-json\/wp\/v2\/users\/1"}],"replies":[{"embeddable":true,"href":"https:\/\/www.thomphotos.fr\/blog\/wp-json\/wp\/v2\/comments?post=403"}],"version-history":[{"count":1,"href":"https:\/\/www.thomphotos.fr\/blog\/wp-json\/wp\/v2\/posts\/403\/revisions"}],"predecessor-version":[{"id":404,"href":"https:\/\/www.thomphotos.fr\/blog\/wp-json\/wp\/v2\/posts\/403\/revisions\/404"}],"wp:attachment":[{"href":"https:\/\/www.thomphotos.fr\/blog\/wp-json\/wp\/v2\/media?parent=403"}],"wp:term":[{"taxonomy":"category","embeddable":true,"href":"https:\/\/www.thomphotos.fr\/blog\/wp-json\/wp\/v2\/categories?post=403"},{"taxonomy":"post_tag","embeddable":true,"href":"https:\/\/www.thomphotos.fr\/blog\/wp-json\/wp\/v2\/tags?post=403"}],"curies":[{"name":"wp","href":"https:\/\/api.w.org\/{rel}","templated":true}]}}