{"id":425,"date":"2012-09-05T14:50:13","date_gmt":"2012-09-05T12:50:13","guid":{"rendered":"http:\/\/www.thomphotos.fr\/blog\/?p=425"},"modified":"2012-09-05T14:50:13","modified_gmt":"2012-09-05T12:50:13","slug":"chaud-devant","status":"publish","type":"post","link":"https:\/\/www.thomphotos.fr\/blog\/chaud-devant\/","title":{"rendered":"Chaud devant !"},"content":{"rendered":"<div id=\"fb_share_1\" style=\"float: right; margin-left: 10px;\"><a name=\"fb_share\" type=\"box_count\" share_url=\"https:\/\/www.thomphotos.fr\/blog\/chaud-devant\/\" href=\"http:\/\/www.facebook.com\/sharer.php\">Share<\/a><\/div><div><script src=\"http:\/\/static.ak.fbcdn.net\/connect.php\/js\/FB.Share\" type=\"text\/javascript\"><\/script><\/div><p>Voil\u00e0, comme promis hier, et dans la lign\u00e9e des photos, la vid\u00e9os (avec ralentis) de l&rsquo;allumage d&rsquo;allumettes. Vid\u00e9o assez courte, mais bon visionnage quand m\u00eame :<\/p>\n<p>&nbsp;<\/p>\n<p><iframe loading=\"lazy\" width=\"640\" height=\"390\" src=\"http:\/\/www.youtube.com\/embed\/g9kyYFTxSp8\" frameborder=\"0\" allowfullscreen><\/iframe><\/p>\n","protected":false},"excerpt":{"rendered":"<p>ShareVoil\u00e0, comme promis hier, et dans la lign\u00e9e des photos, la vid\u00e9os (avec ralentis) de l&rsquo;allumage d&rsquo;allumettes. Vid\u00e9o assez courte, mais bon visionnage quand m\u00eame : &nbsp;<\/p>\n","protected":false},"author":1,"featured_media":0,"comment_status":"open","ping_status":"open","sticky":false,"template":"","format":"standard","meta":{"footnotes":""},"categories":[11,37,41],"tags":[129,128,180,61,193],"class_list":["post-425","post","type-post","status-publish","format-standard","hentry","category-macro","category-technologies","category-video","tag-feu","tag-flammes","tag-macro","tag-technologie","tag-video"],"_links":{"self":[{"href":"https:\/\/www.thomphotos.fr\/blog\/wp-json\/wp\/v2\/posts\/425","targetHints":{"allow":["GET"]}}],"collection":[{"href":"https:\/\/www.thomphotos.fr\/blog\/wp-json\/wp\/v2\/posts"}],"about":[{"href":"https:\/\/www.thomphotos.fr\/blog\/wp-json\/wp\/v2\/types\/post"}],"author":[{"embeddable":true,"href":"https:\/\/www.thomphotos.fr\/blog\/wp-json\/wp\/v2\/users\/1"}],"replies":[{"embeddable":true,"href":"https:\/\/www.thomphotos.fr\/blog\/wp-json\/wp\/v2\/comments?post=425"}],"version-history":[{"count":1,"href":"https:\/\/www.thomphotos.fr\/blog\/wp-json\/wp\/v2\/posts\/425\/revisions"}],"predecessor-version":[{"id":426,"href":"https:\/\/www.thomphotos.fr\/blog\/wp-json\/wp\/v2\/posts\/425\/revisions\/426"}],"wp:attachment":[{"href":"https:\/\/www.thomphotos.fr\/blog\/wp-json\/wp\/v2\/media?parent=425"}],"wp:term":[{"taxonomy":"category","embeddable":true,"href":"https:\/\/www.thomphotos.fr\/blog\/wp-json\/wp\/v2\/categories?post=425"},{"taxonomy":"post_tag","embeddable":true,"href":"https:\/\/www.thomphotos.fr\/blog\/wp-json\/wp\/v2\/tags?post=425"}],"curies":[{"name":"wp","href":"https:\/\/api.w.org\/{rel}","templated":true}]}}