{"id":541,"date":"2012-12-20T16:06:28","date_gmt":"2012-12-20T14:06:28","guid":{"rendered":"http:\/\/www.thomphotos.fr\/blog\/?p=541"},"modified":"2012-12-25T16:54:34","modified_gmt":"2012-12-25T14:54:34","slug":"bonnes-fetes-de-fin-dannee","status":"publish","type":"post","link":"https:\/\/www.thomphotos.fr\/blog\/bonnes-fetes-de-fin-dannee\/","title":{"rendered":"Bonnes f\u00eates de fin d&rsquo;ann\u00e9e !"},"content":{"rendered":"<div id=\"fb_share_1\" style=\"float: right; margin-left: 10px;\"><a name=\"fb_share\" type=\"box_count\" share_url=\"https:\/\/www.thomphotos.fr\/blog\/bonnes-fetes-de-fin-dannee\/\" href=\"http:\/\/www.facebook.com\/sharer.php\">Share<\/a><\/div><div><script src=\"http:\/\/static.ak.fbcdn.net\/connect.php\/js\/FB.Share\" type=\"text\/javascript\"><\/script><\/div><p>Voil\u00e0, nous sommes \u00e0 presque 10 jours du changement d&rsquo;ann\u00e9e. Nous allons passer de 2012 (qui fut une ann\u00e9e pourrie) \u00e0 2013 (qui sera, je l&rsquo;esp\u00e8re, une bonne ann\u00e9e). C&rsquo;est donc pour \u00e7a que toute l&rsquo;\u00e9quipe de Thomphotos vous souhaite \u00e0 toutes et \u00e0 tous de tr\u00e8s bonnes f\u00eates de fin d&rsquo;ann\u00e9e et une excellente ann\u00e9e 2013 !<\/p>\n<p><object width=\"480\" height=\"390\" classid=\"clsid:d27cdb6e-ae6d-11cf-96b8-444553540000\" codebase=\"http:\/\/download.macromedia.com\/pub\/shockwave\/cabs\/flash\/swflash.cab#version=6,0,40,0\"><param name=\"allowFullScreen\" value=\"true\" \/><param name=\"allowscriptaccess\" value=\"always\" \/><param name=\"src\" value=\"http:\/\/www.youtube.com\/v\/agz1w4NxJC0?version=3&amp;hl=fr_FR\" \/><param name=\"allowfullscreen\" value=\"true\" \/><embed width=\"480\" height=\"390\" type=\"application\/x-shockwave-flash\" src=\"http:\/\/www.youtube.com\/v\/agz1w4NxJC0?version=3&amp;hl=fr_FR\" allowFullScreen=\"true\" allowscriptaccess=\"always\" allowfullscreen=\"true\" \/><\/object><\/p>\n<p>Merci \u00e0 Soso, Nanasse, merci aussi \u00e0 Bibi et \u00e0 nos familles respectives !<\/p>\n<p><img decoding=\"async\" onclick=\"grin(':grin:');\" alt=\":grin:\" src=\"http:\/\/www.thomphotos.fr\/blog\/wp-includes\/images\/smilies\/icon_biggrin.gif\" \/><\/p>\n<p>Thomas.<\/p>\n","protected":false},"excerpt":{"rendered":"<p>ShareVoil\u00e0, nous sommes \u00e0 presque 10 jours du changement d&rsquo;ann\u00e9e. Nous allons passer de 2012 (qui fut une ann\u00e9e pourrie) \u00e0 2013 (qui sera, je l&rsquo;esp\u00e8re, une bonne ann\u00e9e). C&rsquo;est donc pour \u00e7a que toute l&rsquo;\u00e9quipe de Thomphotos vous souhaite &hellip; <a href=\"https:\/\/www.thomphotos.fr\/blog\/bonnes-fetes-de-fin-dannee\/\">Continuer la lecture <span class=\"meta-nav\">&rarr;<\/span><\/a><\/p>\n","protected":false},"author":1,"featured_media":0,"comment_status":"open","ping_status":"open","sticky":false,"template":"","format":"standard","meta":{"footnotes":""},"categories":[40,57,41],"tags":[100,192,195,143],"class_list":["post-541","post","type-post","status-publish","format-standard","hentry","category-ma-pomme","category-site-et-blog","category-video","tag-fetes","tag-ma-pomme","tag-site-et-blog","tag-videos"],"_links":{"self":[{"href":"https:\/\/www.thomphotos.fr\/blog\/wp-json\/wp\/v2\/posts\/541","targetHints":{"allow":["GET"]}}],"collection":[{"href":"https:\/\/www.thomphotos.fr\/blog\/wp-json\/wp\/v2\/posts"}],"about":[{"href":"https:\/\/www.thomphotos.fr\/blog\/wp-json\/wp\/v2\/types\/post"}],"author":[{"embeddable":true,"href":"https:\/\/www.thomphotos.fr\/blog\/wp-json\/wp\/v2\/users\/1"}],"replies":[{"embeddable":true,"href":"https:\/\/www.thomphotos.fr\/blog\/wp-json\/wp\/v2\/comments?post=541"}],"version-history":[{"count":3,"href":"https:\/\/www.thomphotos.fr\/blog\/wp-json\/wp\/v2\/posts\/541\/revisions"}],"predecessor-version":[{"id":551,"href":"https:\/\/www.thomphotos.fr\/blog\/wp-json\/wp\/v2\/posts\/541\/revisions\/551"}],"wp:attachment":[{"href":"https:\/\/www.thomphotos.fr\/blog\/wp-json\/wp\/v2\/media?parent=541"}],"wp:term":[{"taxonomy":"category","embeddable":true,"href":"https:\/\/www.thomphotos.fr\/blog\/wp-json\/wp\/v2\/categories?post=541"},{"taxonomy":"post_tag","embeddable":true,"href":"https:\/\/www.thomphotos.fr\/blog\/wp-json\/wp\/v2\/tags?post=541"}],"curies":[{"name":"wp","href":"https:\/\/api.w.org\/{rel}","templated":true}]}}