{"id":896,"date":"2014-04-17T10:30:33","date_gmt":"2014-04-17T08:30:33","guid":{"rendered":"http:\/\/www.thomphotos.fr\/blog\/?p=896"},"modified":"2014-04-17T10:30:33","modified_gmt":"2014-04-17T08:30:33","slug":"70-nouvelles-photos-du-trophy-rcctlc","status":"publish","type":"post","link":"https:\/\/www.thomphotos.fr\/blog\/70-nouvelles-photos-du-trophy-rcctlc\/","title":{"rendered":"70 nouvelles photos du Trophy RCCTLC"},"content":{"rendered":"<div id=\"fb_share_1\" style=\"float: right; margin-left: 10px;\"><a name=\"fb_share\" type=\"box_count\" share_url=\"https:\/\/www.thomphotos.fr\/blog\/70-nouvelles-photos-du-trophy-rcctlc\/\" href=\"http:\/\/www.facebook.com\/sharer.php\">Share<\/a><\/div><div><script src=\"http:\/\/static.ak.fbcdn.net\/connect.php\/js\/FB.Share\" type=\"text\/javascript\"><\/script><\/div><div style=\"width: 810px\" class=\"wp-caption alignnone\"><img loading=\"lazy\" decoding=\"async\" alt=\"\" src=\"http:\/\/www.thomphotos.fr\/images\/trans-RC\/Trophy_mars_2014_55.jpg\" width=\"800\" height=\"533\" \/><p class=\"wp-caption-text\">Trophy_mars_2014_55<\/p><\/div>\n<p>\u00e7a faisait un moment que je n&rsquo;en avais pas parl\u00e9&#8230; Et pour cause, pas de sorties derni\u00e8rement&#8230; Depuis dimanche, c&rsquo;est chose faite et bien \u00e9videmment, je me suis fais plaisir.<\/p>\n<div style=\"width: 543px\" class=\"wp-caption alignnone\"><img loading=\"lazy\" decoding=\"async\" alt=\"\" src=\"http:\/\/www.thomphotos.fr\/images\/trans-RC\/Trophy_mars_2014_15.jpg\" width=\"533\" height=\"800\" \/><p class=\"wp-caption-text\">Trophy_mars_2014_15<\/p><\/div>\n<p>au menu, de la boue :<\/p>\n<div style=\"width: 810px\" class=\"wp-caption alignnone\"><img loading=\"lazy\" decoding=\"async\" alt=\"\" src=\"http:\/\/www.thomphotos.fr\/images\/trans-RC\/Trophy_mars_2014_67.jpg\" width=\"800\" height=\"533\" \/><p class=\"wp-caption-text\">Trophy_mars_2014_67<\/p><\/div>\n<p>Des passages \u00e0 gu\u00e9 :<\/p>\n<div style=\"width: 810px\" class=\"wp-caption alignnone\"><img loading=\"lazy\" decoding=\"async\" alt=\"\" src=\"http:\/\/www.thomphotos.fr\/images\/trans-RC\/Trophy_mars_2014_32.jpg\" width=\"800\" height=\"533\" \/><p class=\"wp-caption-text\">Trophy_mars_2014_32<\/p><\/div>\n<p>Et toujours des v\u00e9hicules en convois au plus pr\u00e8s de la r\u00e9alit\u00e9 :<\/p>\n<div style=\"width: 810px\" class=\"wp-caption alignnone\"><img loading=\"lazy\" decoding=\"async\" alt=\"\" src=\"http:\/\/www.thomphotos.fr\/images\/trans-RC\/Trophy_mars_2014_7.jpg\" width=\"800\" height=\"533\" \/><p class=\"wp-caption-text\">Trophy_mars_2014_7<\/p><\/div>\n<p>En tout, ce sont 70 photos que je viens d&rsquo;ajouter et elles se retrouvent en pages <a href=\"http:\/\/www.thomphotos.fr\/index.php?page=photos_trans-RC_10\">10<\/a>, <a href=\"http:\/\/www.thomphotos.fr\/index.php?page=photos_trans-RC_11\">11<\/a> et <a href=\"http:\/\/www.thomphotos.fr\/index.php?page=photos_trans-RC_12\">12<\/a> de la cat\u00e9gorie photos de v\u00e9hicules <img decoding=\"async\" onclick=\"grin(';-)');\" alt=\";-)\" src=\"http:\/\/www.thomphotos.fr\/blog\/wp-includes\/images\/smilies\/icon_wink.gif\" \/>. \u00c0 bient\u00f4t pour de nouvelles photos (peut-\u00eatre de la macro de fleurs pour profiter du soleil&#8230; \u00e0 moins que ce ne soit autre chose de plus \u00ab\u00a0dans l&rsquo;air du moment\u00a0\u00bb <img decoding=\"async\" onclick=\"grin(':roll:');\" alt=\":roll:\" src=\"http:\/\/www.thomphotos.fr\/blog\/wp-includes\/images\/smilies\/icon_rolleyes.gif\" \/>.<\/p>\n","protected":false},"excerpt":{"rendered":"<p>Share\u00e7a faisait un moment que je n&rsquo;en avais pas parl\u00e9&#8230; Et pour cause, pas de sorties derni\u00e8rement&#8230; Depuis dimanche, c&rsquo;est chose faite et bien \u00e9videmment, je me suis fais plaisir. au menu, de la boue : Des passages \u00e0 gu\u00e9 &hellip; <a href=\"https:\/\/www.thomphotos.fr\/blog\/70-nouvelles-photos-du-trophy-rcctlc\/\">Continuer la lecture <span class=\"meta-nav\">&rarr;<\/span><\/a><\/p>\n","protected":false},"author":1,"featured_media":0,"comment_status":"open","ping_status":"open","sticky":false,"template":"","format":"standard","meta":{"footnotes":""},"categories":[4,153,35],"tags":[161,176,202,187],"class_list":["post-896","post","type-post","status-publish","format-standard","hentry","category-photos","category-rc","category-sport","tag-camel-trophy","tag-photos","tag-rc","tag-sport"],"_links":{"self":[{"href":"https:\/\/www.thomphotos.fr\/blog\/wp-json\/wp\/v2\/posts\/896","targetHints":{"allow":["GET"]}}],"collection":[{"href":"https:\/\/www.thomphotos.fr\/blog\/wp-json\/wp\/v2\/posts"}],"about":[{"href":"https:\/\/www.thomphotos.fr\/blog\/wp-json\/wp\/v2\/types\/post"}],"author":[{"embeddable":true,"href":"https:\/\/www.thomphotos.fr\/blog\/wp-json\/wp\/v2\/users\/1"}],"replies":[{"embeddable":true,"href":"https:\/\/www.thomphotos.fr\/blog\/wp-json\/wp\/v2\/comments?post=896"}],"version-history":[{"count":1,"href":"https:\/\/www.thomphotos.fr\/blog\/wp-json\/wp\/v2\/posts\/896\/revisions"}],"predecessor-version":[{"id":897,"href":"https:\/\/www.thomphotos.fr\/blog\/wp-json\/wp\/v2\/posts\/896\/revisions\/897"}],"wp:attachment":[{"href":"https:\/\/www.thomphotos.fr\/blog\/wp-json\/wp\/v2\/media?parent=896"}],"wp:term":[{"taxonomy":"category","embeddable":true,"href":"https:\/\/www.thomphotos.fr\/blog\/wp-json\/wp\/v2\/categories?post=896"},{"taxonomy":"post_tag","embeddable":true,"href":"https:\/\/www.thomphotos.fr\/blog\/wp-json\/wp\/v2\/tags?post=896"}],"curies":[{"name":"wp","href":"https:\/\/api.w.org\/{rel}","templated":true}]}}